{"id":3238,"date":"2026-02-10T09:28:40","date_gmt":"2026-02-10T07:28:40","guid":{"rendered":"https:\/\/espoocine.fi\/?p=3238"},"modified":"2026-02-10T14:53:09","modified_gmt":"2026-02-10T12:53:09","slug":"espoo-cine-is-looking-for-a-producer-and-two-interns","status":"publish","type":"post","link":"https:\/\/espoocine.fi\/en\/2026\/02\/espoo-cine-is-looking-for-a-producer-and-two-interns\/","title":{"rendered":"Espoo Cin\u00e9 is looking for a producer and two interns"},"content":{"rendered":"\n<p>We are looking for a producer and two interns for the Espoo Cin\u00e9 Film Festival 2026. One of the interns will work in the Communications and Marketing team, and the other in the Production team. The 37th edition of Espoo Cin\u00e9 will take place in Espoo and Helsinki from 21\u201330 August 2026. Working days are mainly on weekdays during office hours, except during the festival weeks (21\u201330 August 2026), when work may also take place on evenings and weekends. The work is primarily carried out at the Espoo Cin\u00e9 office in Tapiola.&nbsp;<\/p>\n\n\n\n<p>Successful performance in these roles requires excellent skills in Finnish and\/or English. We encourage applicants of all genders and individuals belonging to different minority groups to apply, regardless of ethnic background, religion, disability, or age.&nbsp;<\/p>\n\n\n\n<p>Please send your CV and a free-form application by 24 February via email to rekry@espoocine.fi. Title your email according to the position you are applying for: \u201cProducer\u201d, \u201cIntern (Communications and Marketing)\u201d, or \u201cIntern (Production)\u201d. Applications will be reviewed already during the application period.<\/p>\n\n\n\n<p>Further information about the positions is available from Executive Director Tytti Rantanen by phone, Wednesday\u2013Friday from 3\u20135 pm, +358 40 741 8992. Candidates invited to interviews will be contacted separately. All applicants will be informed of the recruitment outcome by 2 April.<\/p>\n\n\n\n<h2 class=\"wp-block-heading\">Producer<\/h2>\n\n\n\n<p>We are seeking a producer for a new Cin\u00e9stesia programme strand, which will be launched in collaboration with the Saastamoinen Foundation as part of the Espoo Cin\u00e9 Film Festival 2026. The programme combines film and visual arts and includes film screenings as well as a professional event.<\/p>\n\n\n\n<p>As a producer, you have a strong, practical, and professional approach to event organisation and communications, as well as to related schedules and processes. You will help ensure the smooth implementation of this new programme as part of the wider festival, working in cooperation with international experts and artist guests as well as various programme and event partners. You have strong organisational and teamwork skills. We value a demonstrated ability to communicate artistic content in a compelling and accessible way, as well as insight into effectively reaching the programme\u2019s target audiences.<\/p>\n\n\n\n<p>The employment contract is for six months, starting on 1 April or as agreed. The proposed salary is \u20ac2,700 per month, plus a small compensation for the use of your own equipment.&nbsp;<\/p>\n\n\n\n<h2 class=\"wp-block-heading\">Interns<\/h2>\n\n\n\n<p>Are you interested in films, communications, and event production? We are looking for a Communications and Marketing Intern and a Production Intern to assist with the preparation, production and communications and marketing of the Espoo Cin\u00e9 Film Festival from summer to early autumn 2026. The internship period is 2.5 months between summer and early autumn 2026. The salary is \u20ac1,463 per month, plus a small compensation for the use of your own equipment. We require that the intern is eligible for internship support granted by a higher education institution.<\/p>\n\n\n\n<h3 class=\"wp-block-heading\">Communications and Marketing Intern<\/h3>\n\n\n\n<p>You will work closely with the festival team and have the opportunity to apply your skills in a variety of communications and production tasks.<\/p>\n\n\n\n<p>Your duties include, among others:<\/p>\n\n\n\n<ul class=\"wp-block-list\">\n<li>Planning and implementing communications and marketing on the festival\u2019s social media channels and newsletter<\/li>\n\n\n\n<li>Editing film descriptions and other marketing materials<\/li>\n\n\n\n<li>Updating the festival website<\/li>\n\n\n\n<li>Instructing the festival\u2019s social media volunteers<\/li>\n\n\n\n<li>Various production-related tasks<\/li>\n<\/ul>\n\n\n\n<p>We expect enthusiasm for event production, good communication skills, and the ability to work independently. Experience with social media channels and creating social media videos is considered an advantage. In return, we offer you a chance to get a behind-the-scenes look at a film festival and gain valuable work experience in the fields of film and communications. Excellent Finnish language skills are required for this position.<\/p>\n\n\n\n<h3 class=\"wp-block-heading\">Production Intern<\/h3>\n\n\n\n<p>You will be able to utilise your skills creatively in a variety of tasks related to festival event production.<\/p>\n\n\n\n<p>As part of the production team, your duties include, among others:<\/p>\n\n\n\n<ul class=\"wp-block-list\">\n<li>Event production and logistics (e.g. side events, festival setup and breakdown)<\/li>\n\n\n\n<li>Instructing festival volunteers<\/li>\n\n\n\n<li>Acquiring and coordinating partnerships<\/li>\n\n\n\n<li>Various production-related tasks before and during the festival<\/li>\n\n\n\n<li>Participating in organising the volunteers\u2019 thank-you party<\/li>\n<\/ul>\n\n\n\n<p>We expect initiative, good interpersonal skills, and the ability to work both independently and as part of a team. Experience in event production is considered an advantage. We offer you a front-row seat to festival production and the opportunity to help create powerful film experiences for festival audiences.<br><br><em>Photo credit: Juho Liukkonen<\/em><\/p>\n","protected":false},"excerpt":{"rendered":"<p>We are looking for a producer and two interns for the Espoo Cin\u00e9 Film Festival 2026. The 37th edition of Espoo Cin\u00e9 will take place in Espoo and Helsinki from 21\u201330 August 2026. <\/p>\n","protected":false},"author":5,"featured_media":3223,"comment_status":"closed","ping_status":"closed","sticky":false,"template":"","format":"standard","meta":{"_acf_changed":false,"footnotes":""},"categories":[5],"tags":[],"class_list":["post-3238","post","type-post","status-publish","format-standard","has-post-thumbnail","hentry","category-uncategorized"],"acf":[],"yoast_head":"<!-- This site is optimized with the Yoast SEO plugin v27.1.1 - https:\/\/yoast.com\/product\/yoast-seo-wordpress\/ -->\n<title>Espoo Cin\u00e9 is looking for a producer and two interns - Espoo Cin\u00e9<\/title>\n<meta name=\"robots\" content=\"index, follow, max-snippet:-1, max-image-preview:large, max-video-preview:-1\" \/>\n<link rel=\"canonical\" href=\"https:\/\/espoocine.fi\/en\/2026\/02\/espoo-cine-is-looking-for-a-producer-and-two-interns\/\" \/>\n<meta property=\"og:locale\" content=\"en_US\" \/>\n<meta property=\"og:type\" content=\"article\" \/>\n<meta property=\"og:title\" content=\"Espoo Cin\u00e9 is looking for a producer and two interns - Espoo Cin\u00e9\" \/>\n<meta property=\"og:description\" content=\"We are looking for a producer and two interns for the Espoo Cin\u00e9 Film Festival 2026. The 37th edition of Espoo Cin\u00e9 will take place in Espoo and Helsinki from 21\u201330 August 2026.\" \/>\n<meta property=\"og:url\" content=\"https:\/\/espoocine.fi\/en\/2026\/02\/espoo-cine-is-looking-for-a-producer-and-two-interns\/\" \/>\n<meta property=\"og:site_name\" content=\"Espoo Cin\u00e9\" \/>\n<meta property=\"article:publisher\" content=\"https:\/\/www.facebook.com\/espoocine\/\" \/>\n<meta property=\"article:published_time\" content=\"2026-02-10T07:28:40+00:00\" \/>\n<meta property=\"article:modified_time\" content=\"2026-02-10T12:53:09+00:00\" \/>\n<meta property=\"og:image\" content=\"https:\/\/espoocine.fi\/wp-content\/uploads\/2026\/02\/270825_Finnish-Gala-Premiere_JuhoLiukkonen_NETTI-5-2.jpeg\" \/>\n\t<meta property=\"og:image:width\" content=\"1920\" \/>\n\t<meta property=\"og:image:height\" content=\"1277\" \/>\n\t<meta property=\"og:image:type\" content=\"image\/jpeg\" \/>\n<meta name=\"author\" content=\"Tytti Rantanen\" \/>\n<meta name=\"twitter:card\" content=\"summary_large_image\" \/>\n<meta name=\"twitter:label1\" content=\"Written by\" \/>\n\t<meta name=\"twitter:data1\" content=\"Tytti Rantanen\" \/>\n\t<meta name=\"twitter:label2\" content=\"Est. reading time\" \/>\n\t<meta name=\"twitter:data2\" content=\"5 minutes\" \/>\n<script type=\"application\/ld+json\" class=\"yoast-schema-graph\">{\"@context\":\"https:\/\/schema.org\",\"@graph\":[{\"@type\":\"Article\",\"@id\":\"https:\/\/espoocine.fi\/en\/2026\/02\/espoo-cine-is-looking-for-a-producer-and-two-interns\/#article\",\"isPartOf\":{\"@id\":\"https:\/\/espoocine.fi\/en\/2026\/02\/espoo-cine-is-looking-for-a-producer-and-two-interns\/\"},\"author\":{\"name\":\"Tytti Rantanen\",\"@id\":\"https:\/\/espoocine.fi\/en\/#\/schema\/person\/9217da340e90ff8cfeda44830c209edf\"},\"headline\":\"Espoo Cin\u00e9 is looking for a producer and two interns\",\"datePublished\":\"2026-02-10T07:28:40+00:00\",\"dateModified\":\"2026-02-10T12:53:09+00:00\",\"mainEntityOfPage\":{\"@id\":\"https:\/\/espoocine.fi\/en\/2026\/02\/espoo-cine-is-looking-for-a-producer-and-two-interns\/\"},\"wordCount\":726,\"publisher\":{\"@id\":\"https:\/\/espoocine.fi\/en\/#organization\"},\"image\":{\"@id\":\"https:\/\/espoocine.fi\/en\/2026\/02\/espoo-cine-is-looking-for-a-producer-and-two-interns\/#primaryimage\"},\"thumbnailUrl\":\"https:\/\/espoocine.fi\/wp-content\/uploads\/2026\/02\/270825_Finnish-Gala-Premiere_JuhoLiukkonen_NETTI-5-2.jpeg\",\"inLanguage\":\"en-US\"},{\"@type\":\"WebPage\",\"@id\":\"https:\/\/espoocine.fi\/en\/2026\/02\/espoo-cine-is-looking-for-a-producer-and-two-interns\/\",\"url\":\"https:\/\/espoocine.fi\/en\/2026\/02\/espoo-cine-is-looking-for-a-producer-and-two-interns\/\",\"name\":\"Espoo Cin\u00e9 is looking for a producer and two interns - Espoo Cin\u00e9\",\"isPartOf\":{\"@id\":\"https:\/\/espoocine.fi\/en\/#website\"},\"primaryImageOfPage\":{\"@id\":\"https:\/\/espoocine.fi\/en\/2026\/02\/espoo-cine-is-looking-for-a-producer-and-two-interns\/#primaryimage\"},\"image\":{\"@id\":\"https:\/\/espoocine.fi\/en\/2026\/02\/espoo-cine-is-looking-for-a-producer-and-two-interns\/#primaryimage\"},\"thumbnailUrl\":\"https:\/\/espoocine.fi\/wp-content\/uploads\/2026\/02\/270825_Finnish-Gala-Premiere_JuhoLiukkonen_NETTI-5-2.jpeg\",\"datePublished\":\"2026-02-10T07:28:40+00:00\",\"dateModified\":\"2026-02-10T12:53:09+00:00\",\"breadcrumb\":{\"@id\":\"https:\/\/espoocine.fi\/en\/2026\/02\/espoo-cine-is-looking-for-a-producer-and-two-interns\/#breadcrumb\"},\"inLanguage\":\"en-US\",\"potentialAction\":[{\"@type\":\"ReadAction\",\"target\":[\"https:\/\/espoocine.fi\/en\/2026\/02\/espoo-cine-is-looking-for-a-producer-and-two-interns\/\"]}]},{\"@type\":\"ImageObject\",\"inLanguage\":\"en-US\",\"@id\":\"https:\/\/espoocine.fi\/en\/2026\/02\/espoo-cine-is-looking-for-a-producer-and-two-interns\/#primaryimage\",\"url\":\"https:\/\/espoocine.fi\/wp-content\/uploads\/2026\/02\/270825_Finnish-Gala-Premiere_JuhoLiukkonen_NETTI-5-2.jpeg\",\"contentUrl\":\"https:\/\/espoocine.fi\/wp-content\/uploads\/2026\/02\/270825_Finnish-Gala-Premiere_JuhoLiukkonen_NETTI-5-2.jpeg\",\"width\":1920,\"height\":1277,\"caption\":\"Finnish Gala Premiere\"},{\"@type\":\"BreadcrumbList\",\"@id\":\"https:\/\/espoocine.fi\/en\/2026\/02\/espoo-cine-is-looking-for-a-producer-and-two-interns\/#breadcrumb\",\"itemListElement\":[{\"@type\":\"ListItem\",\"position\":1,\"name\":\"Home\",\"item\":\"https:\/\/espoocine.fi\/en\/\"},{\"@type\":\"ListItem\",\"position\":2,\"name\":\"Espoo Cin\u00e9 is looking for a producer and two interns\"}]},{\"@type\":\"WebSite\",\"@id\":\"https:\/\/espoocine.fi\/en\/#website\",\"url\":\"https:\/\/espoocine.fi\/en\/\",\"name\":\"Espoo Cin\u00e9\",\"description\":\"\",\"publisher\":{\"@id\":\"https:\/\/espoocine.fi\/en\/#organization\"},\"potentialAction\":[{\"@type\":\"SearchAction\",\"target\":{\"@type\":\"EntryPoint\",\"urlTemplate\":\"https:\/\/espoocine.fi\/en\/?s={search_term_string}\"},\"query-input\":{\"@type\":\"PropertyValueSpecification\",\"valueRequired\":true,\"valueName\":\"search_term_string\"}}],\"inLanguage\":\"en-US\"},{\"@type\":\"Organization\",\"@id\":\"https:\/\/espoocine.fi\/en\/#organization\",\"name\":\"Espoo Cin\u00e9\",\"url\":\"https:\/\/espoocine.fi\/en\/\",\"logo\":{\"@type\":\"ImageObject\",\"inLanguage\":\"en-US\",\"@id\":\"https:\/\/espoocine.fi\/en\/#\/schema\/logo\/image\/\",\"url\":\"https:\/\/espoocine.fi\/wp-content\/uploads\/2025\/07\/EC_logo_Icon_BP-copy.png\",\"contentUrl\":\"https:\/\/espoocine.fi\/wp-content\/uploads\/2025\/07\/EC_logo_Icon_BP-copy.png\",\"width\":613,\"height\":278,\"caption\":\"Espoo Cin\u00e9\"},\"image\":{\"@id\":\"https:\/\/espoocine.fi\/en\/#\/schema\/logo\/image\/\"},\"sameAs\":[\"https:\/\/www.facebook.com\/espoocine\/\",\"https:\/\/www.instagram.com\/espoocine\/\",\"https:\/\/letterboxd.com\/espoocine\/\"]},{\"@type\":\"Person\",\"@id\":\"https:\/\/espoocine.fi\/en\/#\/schema\/person\/9217da340e90ff8cfeda44830c209edf\",\"name\":\"Tytti Rantanen\",\"image\":{\"@type\":\"ImageObject\",\"inLanguage\":\"en-US\",\"@id\":\"https:\/\/espoocine.fi\/en\/#\/schema\/person\/image\/\",\"url\":\"https:\/\/secure.gravatar.com\/avatar\/8569c718d0bac27bf0f3329aa8de9dea8f4419ed70c772e63dad2cd56a1314d6?s=96&d=mm&r=g\",\"contentUrl\":\"https:\/\/secure.gravatar.com\/avatar\/8569c718d0bac27bf0f3329aa8de9dea8f4419ed70c772e63dad2cd56a1314d6?s=96&d=mm&r=g\",\"caption\":\"Tytti Rantanen\"}}]}<\/script>\n<!-- \/ Yoast SEO plugin. -->","yoast_head_json":{"title":"Espoo Cin\u00e9 is looking for a producer and two interns - Espoo Cin\u00e9","robots":{"index":"index","follow":"follow","max-snippet":"max-snippet:-1","max-image-preview":"max-image-preview:large","max-video-preview":"max-video-preview:-1"},"canonical":"https:\/\/espoocine.fi\/en\/2026\/02\/espoo-cine-is-looking-for-a-producer-and-two-interns\/","og_locale":"en_US","og_type":"article","og_title":"Espoo Cin\u00e9 is looking for a producer and two interns - Espoo Cin\u00e9","og_description":"We are looking for a producer and two interns for the Espoo Cin\u00e9 Film Festival 2026. The 37th edition of Espoo Cin\u00e9 will take place in Espoo and Helsinki from 21\u201330 August 2026.","og_url":"https:\/\/espoocine.fi\/en\/2026\/02\/espoo-cine-is-looking-for-a-producer-and-two-interns\/","og_site_name":"Espoo Cin\u00e9","article_publisher":"https:\/\/www.facebook.com\/espoocine\/","article_published_time":"2026-02-10T07:28:40+00:00","article_modified_time":"2026-02-10T12:53:09+00:00","og_image":[{"width":1920,"height":1277,"url":"https:\/\/espoocine.fi\/wp-content\/uploads\/2026\/02\/270825_Finnish-Gala-Premiere_JuhoLiukkonen_NETTI-5-2.jpeg","type":"image\/jpeg"}],"author":"Tytti Rantanen","twitter_card":"summary_large_image","twitter_misc":{"Written by":"Tytti Rantanen","Est. reading time":"5 minutes"},"schema":{"@context":"https:\/\/schema.org","@graph":[{"@type":"Article","@id":"https:\/\/espoocine.fi\/en\/2026\/02\/espoo-cine-is-looking-for-a-producer-and-two-interns\/#article","isPartOf":{"@id":"https:\/\/espoocine.fi\/en\/2026\/02\/espoo-cine-is-looking-for-a-producer-and-two-interns\/"},"author":{"name":"Tytti Rantanen","@id":"https:\/\/espoocine.fi\/en\/#\/schema\/person\/9217da340e90ff8cfeda44830c209edf"},"headline":"Espoo Cin\u00e9 is looking for a producer and two interns","datePublished":"2026-02-10T07:28:40+00:00","dateModified":"2026-02-10T12:53:09+00:00","mainEntityOfPage":{"@id":"https:\/\/espoocine.fi\/en\/2026\/02\/espoo-cine-is-looking-for-a-producer-and-two-interns\/"},"wordCount":726,"publisher":{"@id":"https:\/\/espoocine.fi\/en\/#organization"},"image":{"@id":"https:\/\/espoocine.fi\/en\/2026\/02\/espoo-cine-is-looking-for-a-producer-and-two-interns\/#primaryimage"},"thumbnailUrl":"https:\/\/espoocine.fi\/wp-content\/uploads\/2026\/02\/270825_Finnish-Gala-Premiere_JuhoLiukkonen_NETTI-5-2.jpeg","inLanguage":"en-US"},{"@type":"WebPage","@id":"https:\/\/espoocine.fi\/en\/2026\/02\/espoo-cine-is-looking-for-a-producer-and-two-interns\/","url":"https:\/\/espoocine.fi\/en\/2026\/02\/espoo-cine-is-looking-for-a-producer-and-two-interns\/","name":"Espoo Cin\u00e9 is looking for a producer and two interns - Espoo Cin\u00e9","isPartOf":{"@id":"https:\/\/espoocine.fi\/en\/#website"},"primaryImageOfPage":{"@id":"https:\/\/espoocine.fi\/en\/2026\/02\/espoo-cine-is-looking-for-a-producer-and-two-interns\/#primaryimage"},"image":{"@id":"https:\/\/espoocine.fi\/en\/2026\/02\/espoo-cine-is-looking-for-a-producer-and-two-interns\/#primaryimage"},"thumbnailUrl":"https:\/\/espoocine.fi\/wp-content\/uploads\/2026\/02\/270825_Finnish-Gala-Premiere_JuhoLiukkonen_NETTI-5-2.jpeg","datePublished":"2026-02-10T07:28:40+00:00","dateModified":"2026-02-10T12:53:09+00:00","breadcrumb":{"@id":"https:\/\/espoocine.fi\/en\/2026\/02\/espoo-cine-is-looking-for-a-producer-and-two-interns\/#breadcrumb"},"inLanguage":"en-US","potentialAction":[{"@type":"ReadAction","target":["https:\/\/espoocine.fi\/en\/2026\/02\/espoo-cine-is-looking-for-a-producer-and-two-interns\/"]}]},{"@type":"ImageObject","inLanguage":"en-US","@id":"https:\/\/espoocine.fi\/en\/2026\/02\/espoo-cine-is-looking-for-a-producer-and-two-interns\/#primaryimage","url":"https:\/\/espoocine.fi\/wp-content\/uploads\/2026\/02\/270825_Finnish-Gala-Premiere_JuhoLiukkonen_NETTI-5-2.jpeg","contentUrl":"https:\/\/espoocine.fi\/wp-content\/uploads\/2026\/02\/270825_Finnish-Gala-Premiere_JuhoLiukkonen_NETTI-5-2.jpeg","width":1920,"height":1277,"caption":"Finnish Gala Premiere"},{"@type":"BreadcrumbList","@id":"https:\/\/espoocine.fi\/en\/2026\/02\/espoo-cine-is-looking-for-a-producer-and-two-interns\/#breadcrumb","itemListElement":[{"@type":"ListItem","position":1,"name":"Home","item":"https:\/\/espoocine.fi\/en\/"},{"@type":"ListItem","position":2,"name":"Espoo Cin\u00e9 is looking for a producer and two interns"}]},{"@type":"WebSite","@id":"https:\/\/espoocine.fi\/en\/#website","url":"https:\/\/espoocine.fi\/en\/","name":"Espoo Cin\u00e9","description":"","publisher":{"@id":"https:\/\/espoocine.fi\/en\/#organization"},"potentialAction":[{"@type":"SearchAction","target":{"@type":"EntryPoint","urlTemplate":"https:\/\/espoocine.fi\/en\/?s={search_term_string}"},"query-input":{"@type":"PropertyValueSpecification","valueRequired":true,"valueName":"search_term_string"}}],"inLanguage":"en-US"},{"@type":"Organization","@id":"https:\/\/espoocine.fi\/en\/#organization","name":"Espoo Cin\u00e9","url":"https:\/\/espoocine.fi\/en\/","logo":{"@type":"ImageObject","inLanguage":"en-US","@id":"https:\/\/espoocine.fi\/en\/#\/schema\/logo\/image\/","url":"https:\/\/espoocine.fi\/wp-content\/uploads\/2025\/07\/EC_logo_Icon_BP-copy.png","contentUrl":"https:\/\/espoocine.fi\/wp-content\/uploads\/2025\/07\/EC_logo_Icon_BP-copy.png","width":613,"height":278,"caption":"Espoo Cin\u00e9"},"image":{"@id":"https:\/\/espoocine.fi\/en\/#\/schema\/logo\/image\/"},"sameAs":["https:\/\/www.facebook.com\/espoocine\/","https:\/\/www.instagram.com\/espoocine\/","https:\/\/letterboxd.com\/espoocine\/"]},{"@type":"Person","@id":"https:\/\/espoocine.fi\/en\/#\/schema\/person\/9217da340e90ff8cfeda44830c209edf","name":"Tytti Rantanen","image":{"@type":"ImageObject","inLanguage":"en-US","@id":"https:\/\/espoocine.fi\/en\/#\/schema\/person\/image\/","url":"https:\/\/secure.gravatar.com\/avatar\/8569c718d0bac27bf0f3329aa8de9dea8f4419ed70c772e63dad2cd56a1314d6?s=96&d=mm&r=g","contentUrl":"https:\/\/secure.gravatar.com\/avatar\/8569c718d0bac27bf0f3329aa8de9dea8f4419ed70c772e63dad2cd56a1314d6?s=96&d=mm&r=g","caption":"Tytti Rantanen"}}]}},"_links":{"self":[{"href":"https:\/\/espoocine.fi\/en\/wp-json\/wp\/v2\/posts\/3238","targetHints":{"allow":["GET"]}}],"collection":[{"href":"https:\/\/espoocine.fi\/en\/wp-json\/wp\/v2\/posts"}],"about":[{"href":"https:\/\/espoocine.fi\/en\/wp-json\/wp\/v2\/types\/post"}],"author":[{"embeddable":true,"href":"https:\/\/espoocine.fi\/en\/wp-json\/wp\/v2\/users\/5"}],"replies":[{"embeddable":true,"href":"https:\/\/espoocine.fi\/en\/wp-json\/wp\/v2\/comments?post=3238"}],"version-history":[{"count":4,"href":"https:\/\/espoocine.fi\/en\/wp-json\/wp\/v2\/posts\/3238\/revisions"}],"predecessor-version":[{"id":3248,"href":"https:\/\/espoocine.fi\/en\/wp-json\/wp\/v2\/posts\/3238\/revisions\/3248"}],"wp:featuredmedia":[{"embeddable":true,"href":"https:\/\/espoocine.fi\/en\/wp-json\/wp\/v2\/media\/3223"}],"wp:attachment":[{"href":"https:\/\/espoocine.fi\/en\/wp-json\/wp\/v2\/media?parent=3238"}],"wp:term":[{"taxonomy":"category","embeddable":true,"href":"https:\/\/espoocine.fi\/en\/wp-json\/wp\/v2\/categories?post=3238"},{"taxonomy":"post_tag","embeddable":true,"href":"https:\/\/espoocine.fi\/en\/wp-json\/wp\/v2\/tags?post=3238"}],"curies":[{"name":"wp","href":"https:\/\/api.w.org\/{rel}","templated":true}]}}